{"id":26237,"date":"2022-09-21T11:32:36","date_gmt":"2022-09-21T09:32:36","guid":{"rendered":"https:\/\/alan.lu\/talk-to-me-not-about-me\/"},"modified":"2022-12-20T12:12:12","modified_gmt":"2022-12-20T11:12:12","slug":"talk-to-me-not-about-me","status":"publish","type":"post","link":"https:\/\/alan.lu\/de\/talk-to-me-not-about-me\/","title":{"rendered":"Schw\u00e4tz MAT mir, net IWWERT mech"},"content":{"rendered":"<div class=\"wpb-content-wrapper\"><p>[vc_row][vc_column][vc_column_text]<strong>Um gegen die Vorurteile anzuk\u00e4mpfen, denen Menschen mit einer seltenen Erkrankung ausgesetzt sind, startet ALAN \u2013 Maladies Rares Luxembourg, die gemeinn\u00fctzige Vereinigung und nationale Allianz f\u00fcr betroffene Menschen, mit der Unterst\u00fctzung ihrer Partner im September 2022 eine neue Sensibilisierungskampagne. Die leicht provokative Botschaft des Originalsongs \u201eMeet Me If You Dare\u201c und der Instagram Reels und TikToks der Kampagne ruft zur Aufgeschlossenheit auf und macht zugleich auf seltene Erkrankungen und deren Auswirkungen auf das Leben der Betroffenen aufmerksam. <\/strong>[\/vc_column_text][vc_empty_space height=&#8221;50px&#8221;][\/vc_column][\/vc_row][vc_row][vc_column][vc_column_text]Wenn Ihr Aussehen, Ihre Sprache, Ihre Bewegungen oder Ihr Verhalten nicht \u201eder Norm\u201c entsprechen, werden Sie leider oft in eine Schublade gesteckt oder abgestempelt. Wie w\u00e4re es, wenn wir miteinander reden w\u00fcrden, wenn wir aufeinander zugehen w\u00fcrden, um die andere Person kennenzulernen, anstatt sie zu be- oder verurteilen? Genau dies ist der Aufruf der Sensibilisierungskampagne \u201eSchw\u00e4tz MAT mir, net IWWERT mech\u201c von ALAN und ihren Partnern, den gemeinn\u00fctzigen Organisationen <em><a href=\"https:\/\/edsletzebuerg.lu\/2\/\">EDS L\u00ebtzebuerg<\/a>, <a href=\"https:\/\/www.waertvollt-liewen.lu\/\">W\u00e4ertvollt Liewen<\/a>, <a href=\"https:\/\/den-i.lu\/\">den-i<\/a>, <a href=\"https:\/\/www.trisomie21.lu\/en\/\">Trisomie 21 L\u00ebtzebuerg<\/a>, <a href=\"https:\/\/kriibskrankkanner.lu\/\">Een H\u00e4erz fir kriibskrank Kanner <\/a><\/em> und <em><a href=\"https:\/\/fondatioun.lu\/\">\u00a0Fondatioun Kriibskrank Kanner<\/a>.<\/em><\/p>\n<p>Ziel der Kampagne ist es, auf seltene Erkrankungen und deren Auswirkungen auf das Leben der Betroffenen aufmerksam zu machen, indem die Vorurteile, mit denen die Betroffenen manchmal konfrontiert sind, ans Licht gebracht werden. Gleichzeitig zeigt die Kampagne aber auch, wie diese Menschen trotz vieler Herausforderungen ein absolut erf\u00fclltes Leben f\u00fchren k\u00f6nnen.<\/p>\n<p>Die Videos und der Slogan der Kampagne \u201eSchw\u00e4tz mat mir, net iwwert mech\u201c (Rede mit mir, nicht \u00fcber mich) fordern Respekt, Empathie und Aufgeschlossenheit. Die \u00d6ffentlichkeit wird eingeladen, aufeinander zuzugehen, um die andere Person kennenzulernen und ihre Situation besser zu verstehen, anstatt sie zu be- oder verurteilen.<\/p>\n<p>Die Kampagne umfasst zwei zusammenh\u00e4ngende Elemente:<\/p>\n<ul>\n<li>den Originalsong \u201eMeet Me If You Dare\u201c der Gruppe ABBY LANE und das dazugeh\u00f6rige Musikvideo,<\/li>\n<li>eine Reihe von kurzen Videos, in denen verschiedene von einer seltenen Erkrankung betroffene Menschen und die Vorurteile, denen sie regelm\u00e4\u00dfig ausgesetzt sind, vorgestellt werden.<\/li>\n<\/ul>\n<p>&nbsp;<\/p>\n<p>Sie k\u00f6nnen die \u201eGemeinschaft der Seltenen\u201c unterst\u00fctzen, indem Sie die Kampagne teilen und an der Diskussion auf den sozialen Netzwerken teilnehmen:<\/p>\n<ul>\n<li>Instagram :\u00a0<a href=\"https:\/\/www.instagram.com\/alanmaladiesraresluxembourg\/\">@alanmaladiesraresluxembourg<\/a><\/li>\n<li>TikTok :\u00a0<a href=\"https:\/\/www.tiktok.com\/@alan_maladies_rares_lux\">@alan_maladies_rares_lux<\/a><\/li>\n<li>Facebook\u00a0:\u00a0<a href=\"https:\/\/www.facebook.com\/alanmaladiesraresluxembourg\">@alanmaladiesraresluxembourg<\/a><\/li>\n<\/ul>\n<p>Alle Details der Kampagne sowie die Videos finden Sie auf folgender Webseite: <a href=\"https:\/\/alan.lu\/de\/schwaetzmatmir\">https:\/\/alan.lu\/de\/schwaetzmatmir<\/a>[\/vc_column_text][vc_empty_space height=&#8221;50px&#8221;][\/vc_column][\/vc_row]<\/p>\n<\/div>","protected":false},"excerpt":{"rendered":"<p>Um gegen die Vorurteile anzuk\u00e4mpfen, denen Menschen mit einer seltenen Erkrankung ausgesetzt sind, startet ALAN \u2013 Maladies Rares Luxembourg, die gemeinn\u00fctzige Vereinigung und nationale Allianz f\u00fcr betroffene Menschen, mit der Unterst\u00fctzung ihrer Partner im September 2022 eine neue Sensibilisierungskampagne. Die leicht provokative Botschaft des Originalsongs \u201eMeet Me If You Dare\u201c und der Instagram Reels und TikToks der Kampagne ruft zur Aufgeschlossenheit auf und macht zugleich auf seltene Erkrankungen und deren Auswirkungen auf das Leben der Betroffenen aufmerksam.<\/p>\n","protected":false},"author":2,"featured_media":25614,"comment_status":"closed","ping_status":"closed","sticky":false,"template":"","format":"standard","meta":{"give_campaign_id":0,"inline_featured_image":false,"footnotes":""},"categories":[125],"tags":[],"class_list":["post-26237","post","type-post","status-publish","format-standard","has-post-thumbnail","hentry","category-alans-aktivitaeten"],"yoast_head":"<!-- This site is optimized with the Yoast SEO plugin v27.4 - https:\/\/yoast.com\/product\/yoast-seo-wordpress\/ -->\n<title>Schw\u00e4tz MAT mir, net IWWERT mech - ALAN<\/title>\n<meta name=\"description\" content=\"Um gegen die Vorurteile anzuk\u00e4mpfen, denen Menschen mit einer seltenen Erkrankung ausgesetzt sind, startet ALAN \u2013 Maladies Rares Luxembourg, die gemeinn\u00fctzige Vereinigung und nationale Allianz f\u00fcr betroffene Menschen, mit der Unterst\u00fctzung ihrer Partner im September 2022 eine neue Sensibilisierungskampagne. Die leicht provokative Botschaft des Originalsongs \u201eMeet Me If You Dare\u201c und der Instagram Reels und TikToks der Kampagne ruft zur Aufgeschlossenheit auf und macht zugleich auf seltene Erkrankungen und deren Auswirkungen auf das Leben der Betroffenen aufmerksam.\" \/>\n<meta name=\"robots\" content=\"index, follow, max-snippet:-1, max-image-preview:large, max-video-preview:-1\" \/>\n<link rel=\"canonical\" href=\"https:\/\/alan.lu\/de\/talk-to-me-not-about-me\/\" \/>\n<meta property=\"og:locale\" content=\"de_DE\" \/>\n<meta property=\"og:type\" content=\"article\" \/>\n<meta property=\"og:title\" content=\"Schw\u00e4tz MAT mir, net IWWERT mech - ALAN\" \/>\n<meta property=\"og:description\" content=\"Um gegen die Vorurteile anzuk\u00e4mpfen, denen Menschen mit einer seltenen Erkrankung ausgesetzt sind, startet ALAN \u2013 Maladies Rares Luxembourg, die gemeinn\u00fctzige Vereinigung und nationale Allianz f\u00fcr betroffene Menschen, mit der Unterst\u00fctzung ihrer Partner im September 2022 eine neue Sensibilisierungskampagne. Die leicht provokative Botschaft des Originalsongs \u201eMeet Me If You Dare\u201c und der Instagram Reels und TikToks der Kampagne ruft zur Aufgeschlossenheit auf und macht zugleich auf seltene Erkrankungen und deren Auswirkungen auf das Leben der Betroffenen aufmerksam.\" \/>\n<meta property=\"og:url\" content=\"https:\/\/alan.lu\/de\/talk-to-me-not-about-me\/\" \/>\n<meta property=\"og:site_name\" content=\"ALAN\" \/>\n<meta property=\"article:published_time\" content=\"2022-09-21T09:32:36+00:00\" \/>\n<meta property=\"article:modified_time\" content=\"2022-12-20T11:12:12+00:00\" \/>\n<meta property=\"og:image\" content=\"https:\/\/alan.lu\/wp-content\/uploads\/2022\/09\/website-banner.jpg\" \/>\n\t<meta property=\"og:image:width\" content=\"1300\" \/>\n\t<meta property=\"og:image:height\" content=\"845\" \/>\n\t<meta property=\"og:image:type\" content=\"image\/jpeg\" \/>\n<meta name=\"author\" content=\"Sarah Sepoy\" \/>\n<meta name=\"twitter:card\" content=\"summary_large_image\" \/>\n<meta name=\"twitter:label1\" content=\"Verfasst von\" \/>\n\t<meta name=\"twitter:data1\" content=\"Sarah Sepoy\" \/>\n\t<meta name=\"twitter:label2\" content=\"Gesch\u00e4tzte Lesezeit\" \/>\n\t<meta name=\"twitter:data2\" content=\"2\u00a0Minuten\" \/>\n<script type=\"application\/ld+json\" class=\"yoast-schema-graph\">{\"@context\":\"https:\\\/\\\/schema.org\",\"@graph\":[{\"@type\":\"Article\",\"@id\":\"https:\\\/\\\/alan.lu\\\/de\\\/talk-to-me-not-about-me\\\/#article\",\"isPartOf\":{\"@id\":\"https:\\\/\\\/alan.lu\\\/de\\\/talk-to-me-not-about-me\\\/\"},\"author\":{\"name\":\"Sarah Sepoy\",\"@id\":\"https:\\\/\\\/alan.lu\\\/de\\\/#\\\/schema\\\/person\\\/7b3afc06fbed136ad30d666f845ddccc\"},\"headline\":\"Schw\u00e4tz MAT mir, net IWWERT mech\",\"datePublished\":\"2022-09-21T09:32:36+00:00\",\"dateModified\":\"2022-12-20T11:12:12+00:00\",\"mainEntityOfPage\":{\"@id\":\"https:\\\/\\\/alan.lu\\\/de\\\/talk-to-me-not-about-me\\\/\"},\"wordCount\":418,\"image\":{\"@id\":\"https:\\\/\\\/alan.lu\\\/de\\\/talk-to-me-not-about-me\\\/#primaryimage\"},\"thumbnailUrl\":\"https:\\\/\\\/alan.lu\\\/wp-content\\\/uploads\\\/2022\\\/09\\\/website-banner.jpg\",\"articleSection\":[\"ALANs Aktivit\u00e4ten\"],\"inLanguage\":\"de\"},{\"@type\":\"WebPage\",\"@id\":\"https:\\\/\\\/alan.lu\\\/de\\\/talk-to-me-not-about-me\\\/\",\"url\":\"https:\\\/\\\/alan.lu\\\/de\\\/talk-to-me-not-about-me\\\/\",\"name\":\"Schw\u00e4tz MAT mir, net IWWERT mech - ALAN\",\"isPartOf\":{\"@id\":\"https:\\\/\\\/alan.lu\\\/de\\\/#website\"},\"primaryImageOfPage\":{\"@id\":\"https:\\\/\\\/alan.lu\\\/de\\\/talk-to-me-not-about-me\\\/#primaryimage\"},\"image\":{\"@id\":\"https:\\\/\\\/alan.lu\\\/de\\\/talk-to-me-not-about-me\\\/#primaryimage\"},\"thumbnailUrl\":\"https:\\\/\\\/alan.lu\\\/wp-content\\\/uploads\\\/2022\\\/09\\\/website-banner.jpg\",\"datePublished\":\"2022-09-21T09:32:36+00:00\",\"dateModified\":\"2022-12-20T11:12:12+00:00\",\"author\":{\"@id\":\"https:\\\/\\\/alan.lu\\\/de\\\/#\\\/schema\\\/person\\\/7b3afc06fbed136ad30d666f845ddccc\"},\"description\":\"Um gegen die Vorurteile anzuk\u00e4mpfen, denen Menschen mit einer seltenen Erkrankung ausgesetzt sind, startet ALAN \u2013 Maladies Rares Luxembourg, die gemeinn\u00fctzige Vereinigung und nationale Allianz f\u00fcr betroffene Menschen, mit der Unterst\u00fctzung ihrer Partner im September 2022 eine neue Sensibilisierungskampagne. Die leicht provokative Botschaft des Originalsongs \u201eMeet Me If You Dare\u201c und der Instagram Reels und TikToks der Kampagne ruft zur Aufgeschlossenheit auf und macht zugleich auf seltene Erkrankungen und deren Auswirkungen auf das Leben der Betroffenen aufmerksam.\",\"breadcrumb\":{\"@id\":\"https:\\\/\\\/alan.lu\\\/de\\\/talk-to-me-not-about-me\\\/#breadcrumb\"},\"inLanguage\":\"de\",\"potentialAction\":[{\"@type\":\"ReadAction\",\"target\":[\"https:\\\/\\\/alan.lu\\\/de\\\/talk-to-me-not-about-me\\\/\"]}]},{\"@type\":\"ImageObject\",\"inLanguage\":\"de\",\"@id\":\"https:\\\/\\\/alan.lu\\\/de\\\/talk-to-me-not-about-me\\\/#primaryimage\",\"url\":\"https:\\\/\\\/alan.lu\\\/wp-content\\\/uploads\\\/2022\\\/09\\\/website-banner.jpg\",\"contentUrl\":\"https:\\\/\\\/alan.lu\\\/wp-content\\\/uploads\\\/2022\\\/09\\\/website-banner.jpg\",\"width\":1300,\"height\":845},{\"@type\":\"BreadcrumbList\",\"@id\":\"https:\\\/\\\/alan.lu\\\/de\\\/talk-to-me-not-about-me\\\/#breadcrumb\",\"itemListElement\":[{\"@type\":\"ListItem\",\"position\":1,\"name\":\"Accueil\",\"item\":\"https:\\\/\\\/alan.lu\\\/de\\\/\"},{\"@type\":\"ListItem\",\"position\":2,\"name\":\"Schw\u00e4tz MAT mir, net IWWERT mech\"}]},{\"@type\":\"WebSite\",\"@id\":\"https:\\\/\\\/alan.lu\\\/de\\\/#website\",\"url\":\"https:\\\/\\\/alan.lu\\\/de\\\/\",\"name\":\"ALAN\",\"description\":\"Rare Diseases Luxembourg\",\"potentialAction\":[{\"@type\":\"SearchAction\",\"target\":{\"@type\":\"EntryPoint\",\"urlTemplate\":\"https:\\\/\\\/alan.lu\\\/de\\\/?s={search_term_string}\"},\"query-input\":{\"@type\":\"PropertyValueSpecification\",\"valueRequired\":true,\"valueName\":\"search_term_string\"}}],\"inLanguage\":\"de\"},{\"@type\":\"Person\",\"@id\":\"https:\\\/\\\/alan.lu\\\/de\\\/#\\\/schema\\\/person\\\/7b3afc06fbed136ad30d666f845ddccc\",\"name\":\"Sarah Sepoy\",\"image\":{\"@type\":\"ImageObject\",\"inLanguage\":\"de\",\"@id\":\"https:\\\/\\\/secure.gravatar.com\\\/avatar\\\/fe44f341a14ad99a37bc50e31e396d770d4d43d81573a14477e8bc01329560da?s=96&d=mm&r=g\",\"url\":\"https:\\\/\\\/secure.gravatar.com\\\/avatar\\\/fe44f341a14ad99a37bc50e31e396d770d4d43d81573a14477e8bc01329560da?s=96&d=mm&r=g\",\"contentUrl\":\"https:\\\/\\\/secure.gravatar.com\\\/avatar\\\/fe44f341a14ad99a37bc50e31e396d770d4d43d81573a14477e8bc01329560da?s=96&d=mm&r=g\",\"caption\":\"Sarah Sepoy\"},\"url\":\"https:\\\/\\\/alan.lu\\\/de\\\/author\\\/alan\\\/\"}]}<\/script>\n<!-- \/ Yoast SEO plugin. -->","yoast_head_json":{"title":"Schw\u00e4tz MAT mir, net IWWERT mech - ALAN","description":"Um gegen die Vorurteile anzuk\u00e4mpfen, denen Menschen mit einer seltenen Erkrankung ausgesetzt sind, startet ALAN \u2013 Maladies Rares Luxembourg, die gemeinn\u00fctzige Vereinigung und nationale Allianz f\u00fcr betroffene Menschen, mit der Unterst\u00fctzung ihrer Partner im September 2022 eine neue Sensibilisierungskampagne. Die leicht provokative Botschaft des Originalsongs \u201eMeet Me If You Dare\u201c und der Instagram Reels und TikToks der Kampagne ruft zur Aufgeschlossenheit auf und macht zugleich auf seltene Erkrankungen und deren Auswirkungen auf das Leben der Betroffenen aufmerksam.","robots":{"index":"index","follow":"follow","max-snippet":"max-snippet:-1","max-image-preview":"max-image-preview:large","max-video-preview":"max-video-preview:-1"},"canonical":"https:\/\/alan.lu\/de\/talk-to-me-not-about-me\/","og_locale":"de_DE","og_type":"article","og_title":"Schw\u00e4tz MAT mir, net IWWERT mech - ALAN","og_description":"Um gegen die Vorurteile anzuk\u00e4mpfen, denen Menschen mit einer seltenen Erkrankung ausgesetzt sind, startet ALAN \u2013 Maladies Rares Luxembourg, die gemeinn\u00fctzige Vereinigung und nationale Allianz f\u00fcr betroffene Menschen, mit der Unterst\u00fctzung ihrer Partner im September 2022 eine neue Sensibilisierungskampagne. Die leicht provokative Botschaft des Originalsongs \u201eMeet Me If You Dare\u201c und der Instagram Reels und TikToks der Kampagne ruft zur Aufgeschlossenheit auf und macht zugleich auf seltene Erkrankungen und deren Auswirkungen auf das Leben der Betroffenen aufmerksam.","og_url":"https:\/\/alan.lu\/de\/talk-to-me-not-about-me\/","og_site_name":"ALAN","article_published_time":"2022-09-21T09:32:36+00:00","article_modified_time":"2022-12-20T11:12:12+00:00","og_image":[{"width":1300,"height":845,"url":"https:\/\/alan.lu\/wp-content\/uploads\/2022\/09\/website-banner.jpg","type":"image\/jpeg"}],"author":"Sarah Sepoy","twitter_card":"summary_large_image","twitter_misc":{"Verfasst von":"Sarah Sepoy","Gesch\u00e4tzte Lesezeit":"2\u00a0Minuten"},"schema":{"@context":"https:\/\/schema.org","@graph":[{"@type":"Article","@id":"https:\/\/alan.lu\/de\/talk-to-me-not-about-me\/#article","isPartOf":{"@id":"https:\/\/alan.lu\/de\/talk-to-me-not-about-me\/"},"author":{"name":"Sarah Sepoy","@id":"https:\/\/alan.lu\/de\/#\/schema\/person\/7b3afc06fbed136ad30d666f845ddccc"},"headline":"Schw\u00e4tz MAT mir, net IWWERT mech","datePublished":"2022-09-21T09:32:36+00:00","dateModified":"2022-12-20T11:12:12+00:00","mainEntityOfPage":{"@id":"https:\/\/alan.lu\/de\/talk-to-me-not-about-me\/"},"wordCount":418,"image":{"@id":"https:\/\/alan.lu\/de\/talk-to-me-not-about-me\/#primaryimage"},"thumbnailUrl":"https:\/\/alan.lu\/wp-content\/uploads\/2022\/09\/website-banner.jpg","articleSection":["ALANs Aktivit\u00e4ten"],"inLanguage":"de"},{"@type":"WebPage","@id":"https:\/\/alan.lu\/de\/talk-to-me-not-about-me\/","url":"https:\/\/alan.lu\/de\/talk-to-me-not-about-me\/","name":"Schw\u00e4tz MAT mir, net IWWERT mech - ALAN","isPartOf":{"@id":"https:\/\/alan.lu\/de\/#website"},"primaryImageOfPage":{"@id":"https:\/\/alan.lu\/de\/talk-to-me-not-about-me\/#primaryimage"},"image":{"@id":"https:\/\/alan.lu\/de\/talk-to-me-not-about-me\/#primaryimage"},"thumbnailUrl":"https:\/\/alan.lu\/wp-content\/uploads\/2022\/09\/website-banner.jpg","datePublished":"2022-09-21T09:32:36+00:00","dateModified":"2022-12-20T11:12:12+00:00","author":{"@id":"https:\/\/alan.lu\/de\/#\/schema\/person\/7b3afc06fbed136ad30d666f845ddccc"},"description":"Um gegen die Vorurteile anzuk\u00e4mpfen, denen Menschen mit einer seltenen Erkrankung ausgesetzt sind, startet ALAN \u2013 Maladies Rares Luxembourg, die gemeinn\u00fctzige Vereinigung und nationale Allianz f\u00fcr betroffene Menschen, mit der Unterst\u00fctzung ihrer Partner im September 2022 eine neue Sensibilisierungskampagne. Die leicht provokative Botschaft des Originalsongs \u201eMeet Me If You Dare\u201c und der Instagram Reels und TikToks der Kampagne ruft zur Aufgeschlossenheit auf und macht zugleich auf seltene Erkrankungen und deren Auswirkungen auf das Leben der Betroffenen aufmerksam.","breadcrumb":{"@id":"https:\/\/alan.lu\/de\/talk-to-me-not-about-me\/#breadcrumb"},"inLanguage":"de","potentialAction":[{"@type":"ReadAction","target":["https:\/\/alan.lu\/de\/talk-to-me-not-about-me\/"]}]},{"@type":"ImageObject","inLanguage":"de","@id":"https:\/\/alan.lu\/de\/talk-to-me-not-about-me\/#primaryimage","url":"https:\/\/alan.lu\/wp-content\/uploads\/2022\/09\/website-banner.jpg","contentUrl":"https:\/\/alan.lu\/wp-content\/uploads\/2022\/09\/website-banner.jpg","width":1300,"height":845},{"@type":"BreadcrumbList","@id":"https:\/\/alan.lu\/de\/talk-to-me-not-about-me\/#breadcrumb","itemListElement":[{"@type":"ListItem","position":1,"name":"Accueil","item":"https:\/\/alan.lu\/de\/"},{"@type":"ListItem","position":2,"name":"Schw\u00e4tz MAT mir, net IWWERT mech"}]},{"@type":"WebSite","@id":"https:\/\/alan.lu\/de\/#website","url":"https:\/\/alan.lu\/de\/","name":"ALAN","description":"Rare Diseases Luxembourg","potentialAction":[{"@type":"SearchAction","target":{"@type":"EntryPoint","urlTemplate":"https:\/\/alan.lu\/de\/?s={search_term_string}"},"query-input":{"@type":"PropertyValueSpecification","valueRequired":true,"valueName":"search_term_string"}}],"inLanguage":"de"},{"@type":"Person","@id":"https:\/\/alan.lu\/de\/#\/schema\/person\/7b3afc06fbed136ad30d666f845ddccc","name":"Sarah Sepoy","image":{"@type":"ImageObject","inLanguage":"de","@id":"https:\/\/secure.gravatar.com\/avatar\/fe44f341a14ad99a37bc50e31e396d770d4d43d81573a14477e8bc01329560da?s=96&d=mm&r=g","url":"https:\/\/secure.gravatar.com\/avatar\/fe44f341a14ad99a37bc50e31e396d770d4d43d81573a14477e8bc01329560da?s=96&d=mm&r=g","contentUrl":"https:\/\/secure.gravatar.com\/avatar\/fe44f341a14ad99a37bc50e31e396d770d4d43d81573a14477e8bc01329560da?s=96&d=mm&r=g","caption":"Sarah Sepoy"},"url":"https:\/\/alan.lu\/de\/author\/alan\/"}]}},"_links":{"self":[{"href":"https:\/\/alan.lu\/de\/wp-json\/wp\/v2\/posts\/26237","targetHints":{"allow":["GET"]}}],"collection":[{"href":"https:\/\/alan.lu\/de\/wp-json\/wp\/v2\/posts"}],"about":[{"href":"https:\/\/alan.lu\/de\/wp-json\/wp\/v2\/types\/post"}],"author":[{"embeddable":true,"href":"https:\/\/alan.lu\/de\/wp-json\/wp\/v2\/users\/2"}],"replies":[{"embeddable":true,"href":"https:\/\/alan.lu\/de\/wp-json\/wp\/v2\/comments?post=26237"}],"version-history":[{"count":3,"href":"https:\/\/alan.lu\/de\/wp-json\/wp\/v2\/posts\/26237\/revisions"}],"predecessor-version":[{"id":28033,"href":"https:\/\/alan.lu\/de\/wp-json\/wp\/v2\/posts\/26237\/revisions\/28033"}],"wp:featuredmedia":[{"embeddable":true,"href":"https:\/\/alan.lu\/de\/wp-json\/wp\/v2\/media\/25614"}],"wp:attachment":[{"href":"https:\/\/alan.lu\/de\/wp-json\/wp\/v2\/media?parent=26237"}],"wp:term":[{"taxonomy":"category","embeddable":true,"href":"https:\/\/alan.lu\/de\/wp-json\/wp\/v2\/categories?post=26237"},{"taxonomy":"post_tag","embeddable":true,"href":"https:\/\/alan.lu\/de\/wp-json\/wp\/v2\/tags?post=26237"}],"curies":[{"name":"wp","href":"https:\/\/api.w.org\/{rel}","templated":true}]}}