{"id":29326,"date":"2024-04-29T09:10:24","date_gmt":"2024-04-29T07:10:24","guid":{"rendered":"https:\/\/alan.lu\/?p=29326"},"modified":"2024-05-13T13:11:11","modified_gmt":"2024-05-13T11:11:11","slug":"rapport-annuel-2023","status":"publish","type":"post","link":"https:\/\/alan.lu\/fr\/rapport-annuel-2023\/","title":{"rendered":"Rapport annuel 2023"},"content":{"rendered":"<div class=\"wpb-content-wrapper\"><p>[vc_row][vc_column][vc_column_text]<strong>En 2023, <em>ALAN &#8211; Maladies Rares Luxembourg<\/em>, l\u2019a.s.b.l. et alliance nationale repr\u00e9sentant les personnes concern\u00e9es par une maladie rare au Luxembourg, a f\u00eat\u00e9 son 25<sup>e<\/sup> anniversaire. En cette ann\u00e9e phare, le service de consultation de l\u2019association, qui a r\u00e9cemment \u00e9t\u00e9 reconnue par la Commission europ\u00e9enne, a soutenu 669 personnes et familles touch\u00e9es par une maladie rare, repr\u00e9sentant 263 maladies diff\u00e9rentes. Outre ses services de consultations et d\u2019activit\u00e9s r\u00e9cr\u00e9atives et sportives adapt\u00e9es, l\u2019association s\u2019est beaucoup investie dans sa mission de repr\u00e9sentation de patients et d\u2019alliance, notamment \u00e0 travers une campagne de plaidoyer pour un deuxi\u00e8me Plan National Maladies Rares.<\/strong>[\/vc_column_text][vc_empty_space height=&#8221;50px&#8221;][\/vc_column][\/vc_row][vc_row][vc_column][vc_column_text]Les maladies qui touchent moins de 5 personnes sur 10.000 sont d\u00e9finies comme rares. Au Luxembourg environ 30.000 personnes sont concern\u00e9es par ces maladies qui sont souvent g\u00e9n\u00e9tiques, chroniques, progressives et incurables. L\u2019a.s.b.l. <em>ALAN \u2013 Maladies Rares Luxembourg<\/em> s\u2019engage depuis 25 ans pour soutenir ces personnes et leurs familles \u00e0 relever les d\u00e9fis caus\u00e9s par la maladie, dont notamment une v\u00e9ritable \u00ab odyss\u00e9e diagnostique \u00bb, le sentiment d\u2019isolement, le manque d\u2019options de traitement, le besoin d\u2019adaptation du parcours professionnel ou \u00e9ducatif et le risque de probl\u00e8mes de sant\u00e9 mentale.<\/p>\n<p>&nbsp;<\/p>\n<h3>Le service de consultation<\/h3>\n<p>&nbsp;<\/p>\n<p>Le service de consultation d\u2019ALAN fournit des informations et propose un suivi psychologique ainsi qu\u2019un soutien administratif et social pour informer, guider et assister les concern\u00e9s dans plusieurs domaines, dont l\u2019acc\u00e8s aux soins de sant\u00e9, les proc\u00e9dures administratives, les droits sociaux, l\u2019\u00e9ducation, le travail, la vie familiale et l\u2019inclusion sociale. <strong>En f\u00e9vrier 2024, le service a re\u00e7u le label \u00ab EU-Promising Practice in the field of Mental Health \u00bb en reconnaissance de son approche holistique au soutien psycho-social des personnes et familles concern\u00e9es par une maladie rare<\/strong>. Le rapport d\u2019activit\u00e9s 2023 de l\u2019a.s.b.l. montre que l\u2019association a soutenu 669 patients, membres de famille et autres demandeurs, dont un tiers concernait des enfants et des adolescents. L\u2019ann\u00e9e pass\u00e9e, les assistants sociaux et psychologues d\u2019ALAN ont r\u00e9alis\u00e9 plus de 1.300 consultations psycho-sociales, ce qui repr\u00e9sente une augmentation de 15% par rapport \u00e0 l\u2019ann\u00e9e pr\u00e9c\u00e9dente.<\/p>\n<p>&nbsp;<\/p>\n<h3>Le plaidoyer pour un deuxi\u00e8me Plan National Maladies Rares<\/h3>\n<p>&nbsp;<\/p>\n<p>En f\u00e9vrier 2023, ALAN a publi\u00e9 un document de positionnement avec ses partenaires. Ensemble, ils lan\u00e7aient un appel afin que les maladies rares soient identifi\u00e9es comme une priorit\u00e9 de sant\u00e9 publique au Luxembourg et qu\u2019un deuxi\u00e8me Plan National Maladies Rares puisse \u00eatre adopt\u00e9 d\u00e8s le d\u00e9but de 2024. Les efforts de l\u2019alliance nationale ont port\u00e9 leurs fruits en novembre 2023 car le 2<sup>e<\/sup> plan national fait d\u00e9sormais partie de l\u2019accord de coalition du nouveau gouvernement luxembourgeois, en mentionnant sp\u00e9cifiquement la sensibilisation, le d\u00e9pistage n\u00e9onatal, la cr\u00e9ation d\u2019un registre national des maladies rares et la cr\u00e9ation d\u2019un statut pour les maladies de longue dur\u00e9e.<\/p>\n<p>&nbsp;<\/p>\n<h3>La s\u00e9ance acad\u00e9mique pour le 25e anniversaire<\/h3>\n<p>Dans le cadre de son 25<sup>e<\/sup> anniversaire, ALAN a organis\u00e9 une s\u00e9ance acad\u00e9mique le 20 septembre 2023 en pr\u00e9sence de S.A.R. la Grande-Duchesse. La s\u00e9ance acad\u00e9mique \u00e9tat marqu\u00e9e par la publication du livre pour enfants \u00ab Toni Konfettoni \u00bb de l\u2019\u00e9crivaine et pr\u00e9sidente d\u2019ALAN, Anja Di Bartolomeo et de l\u2019illustratrice Snejana Granatkina, publi\u00e9 aux \u00c9ditions Guy Binsfeld. De plus, l\u2019association a lanc\u00e9 une campagne en ligne \u00ab 30,000 espoirs \u2013 1 plan \u00bb en automne 2023, afin de renforcer son plaidoyer pour un deuxi\u00e8me Plan National Maladies Rares.<\/p>\n<p>&nbsp;<\/p>\n<p>Le rapport annuel est disponible sur le site d\u2019ALAN : <a href=\"https:\/\/alan.lu\/wp-content\/uploads\/2024\/04\/Annual-Report-2023_web_high-res.pdf\">https:\/\/alan.lu\/wp-content\/uploads\/2024\/04\/Annual-Report-2023_web_high-res.pdf<\/a>[\/vc_column_text][vc_empty_space height=&#8221;50px&#8221;][\/vc_column][\/vc_row]<\/p>\n<\/div>","protected":false},"excerpt":{"rendered":"<p>En 2023, ALAN &#8211; Maladies Rares Luxembourg, l\u2019a.s.b.l. et alliance nationale repr\u00e9sentant les personnes concern\u00e9es par une maladie rare au Luxembourg, a f\u00eat\u00e9 son 25e anniversaire. En cette ann\u00e9e phare, le service de consultation de l\u2019association, qui a r\u00e9cemment \u00e9t\u00e9 reconnue par la Commission europ\u00e9enne, a soutenu 669 personnes et familles touch\u00e9s par une maladie rare, repr\u00e9sentant 263 maladies diff\u00e9rentes. <\/p>\n","protected":false},"author":2,"featured_media":29317,"comment_status":"closed","ping_status":"open","sticky":false,"template":"","format":"standard","meta":{"give_campaign_id":0,"inline_featured_image":false,"footnotes":""},"categories":[121],"tags":[],"class_list":["post-29326","post","type-post","status-publish","format-standard","has-post-thumbnail","hentry","category-activites-dalan"],"yoast_head":"<!-- This site is optimized with the Yoast SEO plugin v27.4 - https:\/\/yoast.com\/product\/yoast-seo-wordpress\/ -->\n<title>Rapport annuel 2023 - ALAN<\/title>\n<meta name=\"description\" content=\"En 2023, ALAN - Maladies Rares Luxembourg, l\u2019a.s.b.l. et alliance nationale repr\u00e9sentant les personnes concern\u00e9es par une maladie rare au Luxembourg, a f\u00eat\u00e9 son 25e anniversaire. En cette ann\u00e9e phare, le service de consultation de l\u2019association, qui a r\u00e9cemment \u00e9t\u00e9 reconnue par la Commission europ\u00e9enne, a soutenu 669 personnes et familles touch\u00e9s par une maladie rare, repr\u00e9sentant 263 maladies diff\u00e9rentes.\" \/>\n<meta name=\"robots\" content=\"index, follow, max-snippet:-1, max-image-preview:large, max-video-preview:-1\" \/>\n<link rel=\"canonical\" href=\"https:\/\/alan.lu\/fr\/rapport-annuel-2023\/\" \/>\n<meta property=\"og:locale\" content=\"fr_FR\" \/>\n<meta property=\"og:type\" content=\"article\" \/>\n<meta property=\"og:title\" content=\"Rapport annuel 2023 - ALAN\" \/>\n<meta property=\"og:description\" content=\"En 2023, ALAN - Maladies Rares Luxembourg, l\u2019a.s.b.l. et alliance nationale repr\u00e9sentant les personnes concern\u00e9es par une maladie rare au Luxembourg, a f\u00eat\u00e9 son 25e anniversaire. En cette ann\u00e9e phare, le service de consultation de l\u2019association, qui a r\u00e9cemment \u00e9t\u00e9 reconnue par la Commission europ\u00e9enne, a soutenu 669 personnes et familles touch\u00e9s par une maladie rare, repr\u00e9sentant 263 maladies diff\u00e9rentes.\" \/>\n<meta property=\"og:url\" content=\"https:\/\/alan.lu\/fr\/rapport-annuel-2023\/\" \/>\n<meta property=\"og:site_name\" content=\"ALAN\" \/>\n<meta property=\"article:published_time\" content=\"2024-04-29T07:10:24+00:00\" \/>\n<meta property=\"article:modified_time\" content=\"2024-05-13T11:11:11+00:00\" \/>\n<meta property=\"og:image\" content=\"https:\/\/alan.lu\/wp-content\/uploads\/2024\/04\/Annual-Report-2023-cover-web-1300x845-1.jpg\" \/>\n\t<meta property=\"og:image:width\" content=\"1300\" \/>\n\t<meta property=\"og:image:height\" content=\"845\" \/>\n\t<meta property=\"og:image:type\" content=\"image\/jpeg\" \/>\n<meta name=\"author\" content=\"Sarah Sepoy\" \/>\n<meta name=\"twitter:card\" content=\"summary_large_image\" \/>\n<meta name=\"twitter:label1\" content=\"\u00c9crit par\" \/>\n\t<meta name=\"twitter:data1\" content=\"Sarah Sepoy\" \/>\n\t<meta name=\"twitter:label2\" content=\"Dur\u00e9e de lecture estim\u00e9e\" \/>\n\t<meta name=\"twitter:data2\" content=\"3 minutes\" \/>\n<script type=\"application\/ld+json\" class=\"yoast-schema-graph\">{\"@context\":\"https:\\\/\\\/schema.org\",\"@graph\":[{\"@type\":\"Article\",\"@id\":\"https:\\\/\\\/alan.lu\\\/fr\\\/rapport-annuel-2023\\\/#article\",\"isPartOf\":{\"@id\":\"https:\\\/\\\/alan.lu\\\/fr\\\/rapport-annuel-2023\\\/\"},\"author\":{\"name\":\"Sarah Sepoy\",\"@id\":\"https:\\\/\\\/alan.lu\\\/fr\\\/#\\\/schema\\\/person\\\/7b3afc06fbed136ad30d666f845ddccc\"},\"headline\":\"Rapport annuel 2023\",\"datePublished\":\"2024-04-29T07:10:24+00:00\",\"dateModified\":\"2024-05-13T11:11:11+00:00\",\"mainEntityOfPage\":{\"@id\":\"https:\\\/\\\/alan.lu\\\/fr\\\/rapport-annuel-2023\\\/\"},\"wordCount\":676,\"image\":{\"@id\":\"https:\\\/\\\/alan.lu\\\/fr\\\/rapport-annuel-2023\\\/#primaryimage\"},\"thumbnailUrl\":\"https:\\\/\\\/alan.lu\\\/wp-content\\\/uploads\\\/2024\\\/04\\\/Annual-Report-2023-cover-web-1300x845-1.jpg\",\"articleSection\":[\"Activit\u00e9s d\u2019ALAN\"],\"inLanguage\":\"fr-FR\"},{\"@type\":\"WebPage\",\"@id\":\"https:\\\/\\\/alan.lu\\\/fr\\\/rapport-annuel-2023\\\/\",\"url\":\"https:\\\/\\\/alan.lu\\\/fr\\\/rapport-annuel-2023\\\/\",\"name\":\"Rapport annuel 2023 - ALAN\",\"isPartOf\":{\"@id\":\"https:\\\/\\\/alan.lu\\\/fr\\\/#website\"},\"primaryImageOfPage\":{\"@id\":\"https:\\\/\\\/alan.lu\\\/fr\\\/rapport-annuel-2023\\\/#primaryimage\"},\"image\":{\"@id\":\"https:\\\/\\\/alan.lu\\\/fr\\\/rapport-annuel-2023\\\/#primaryimage\"},\"thumbnailUrl\":\"https:\\\/\\\/alan.lu\\\/wp-content\\\/uploads\\\/2024\\\/04\\\/Annual-Report-2023-cover-web-1300x845-1.jpg\",\"datePublished\":\"2024-04-29T07:10:24+00:00\",\"dateModified\":\"2024-05-13T11:11:11+00:00\",\"author\":{\"@id\":\"https:\\\/\\\/alan.lu\\\/fr\\\/#\\\/schema\\\/person\\\/7b3afc06fbed136ad30d666f845ddccc\"},\"description\":\"En 2023, ALAN - Maladies Rares Luxembourg, l\u2019a.s.b.l. et alliance nationale repr\u00e9sentant les personnes concern\u00e9es par une maladie rare au Luxembourg, a f\u00eat\u00e9 son 25e anniversaire. En cette ann\u00e9e phare, le service de consultation de l\u2019association, qui a r\u00e9cemment \u00e9t\u00e9 reconnue par la Commission europ\u00e9enne, a soutenu 669 personnes et familles touch\u00e9s par une maladie rare, repr\u00e9sentant 263 maladies diff\u00e9rentes.\",\"breadcrumb\":{\"@id\":\"https:\\\/\\\/alan.lu\\\/fr\\\/rapport-annuel-2023\\\/#breadcrumb\"},\"inLanguage\":\"fr-FR\",\"potentialAction\":[{\"@type\":\"ReadAction\",\"target\":[\"https:\\\/\\\/alan.lu\\\/fr\\\/rapport-annuel-2023\\\/\"]}]},{\"@type\":\"ImageObject\",\"inLanguage\":\"fr-FR\",\"@id\":\"https:\\\/\\\/alan.lu\\\/fr\\\/rapport-annuel-2023\\\/#primaryimage\",\"url\":\"https:\\\/\\\/alan.lu\\\/wp-content\\\/uploads\\\/2024\\\/04\\\/Annual-Report-2023-cover-web-1300x845-1.jpg\",\"contentUrl\":\"https:\\\/\\\/alan.lu\\\/wp-content\\\/uploads\\\/2024\\\/04\\\/Annual-Report-2023-cover-web-1300x845-1.jpg\",\"width\":1300,\"height\":845},{\"@type\":\"BreadcrumbList\",\"@id\":\"https:\\\/\\\/alan.lu\\\/fr\\\/rapport-annuel-2023\\\/#breadcrumb\",\"itemListElement\":[{\"@type\":\"ListItem\",\"position\":1,\"name\":\"Accueil\",\"item\":\"https:\\\/\\\/alan.lu\\\/fr\\\/\"},{\"@type\":\"ListItem\",\"position\":2,\"name\":\"Rapport annuel 2023\"}]},{\"@type\":\"WebSite\",\"@id\":\"https:\\\/\\\/alan.lu\\\/fr\\\/#website\",\"url\":\"https:\\\/\\\/alan.lu\\\/fr\\\/\",\"name\":\"ALAN\",\"description\":\"Rare Diseases Luxembourg\",\"potentialAction\":[{\"@type\":\"SearchAction\",\"target\":{\"@type\":\"EntryPoint\",\"urlTemplate\":\"https:\\\/\\\/alan.lu\\\/fr\\\/?s={search_term_string}\"},\"query-input\":{\"@type\":\"PropertyValueSpecification\",\"valueRequired\":true,\"valueName\":\"search_term_string\"}}],\"inLanguage\":\"fr-FR\"},{\"@type\":\"Person\",\"@id\":\"https:\\\/\\\/alan.lu\\\/fr\\\/#\\\/schema\\\/person\\\/7b3afc06fbed136ad30d666f845ddccc\",\"name\":\"Sarah Sepoy\",\"image\":{\"@type\":\"ImageObject\",\"inLanguage\":\"fr-FR\",\"@id\":\"https:\\\/\\\/secure.gravatar.com\\\/avatar\\\/fe44f341a14ad99a37bc50e31e396d770d4d43d81573a14477e8bc01329560da?s=96&d=mm&r=g\",\"url\":\"https:\\\/\\\/secure.gravatar.com\\\/avatar\\\/fe44f341a14ad99a37bc50e31e396d770d4d43d81573a14477e8bc01329560da?s=96&d=mm&r=g\",\"contentUrl\":\"https:\\\/\\\/secure.gravatar.com\\\/avatar\\\/fe44f341a14ad99a37bc50e31e396d770d4d43d81573a14477e8bc01329560da?s=96&d=mm&r=g\",\"caption\":\"Sarah Sepoy\"},\"url\":\"https:\\\/\\\/alan.lu\\\/fr\\\/author\\\/alan\\\/\"}]}<\/script>\n<!-- \/ Yoast SEO plugin. -->","yoast_head_json":{"title":"Rapport annuel 2023 - ALAN","description":"En 2023, ALAN - Maladies Rares Luxembourg, l\u2019a.s.b.l. et alliance nationale repr\u00e9sentant les personnes concern\u00e9es par une maladie rare au Luxembourg, a f\u00eat\u00e9 son 25e anniversaire. En cette ann\u00e9e phare, le service de consultation de l\u2019association, qui a r\u00e9cemment \u00e9t\u00e9 reconnue par la Commission europ\u00e9enne, a soutenu 669 personnes et familles touch\u00e9s par une maladie rare, repr\u00e9sentant 263 maladies diff\u00e9rentes.","robots":{"index":"index","follow":"follow","max-snippet":"max-snippet:-1","max-image-preview":"max-image-preview:large","max-video-preview":"max-video-preview:-1"},"canonical":"https:\/\/alan.lu\/fr\/rapport-annuel-2023\/","og_locale":"fr_FR","og_type":"article","og_title":"Rapport annuel 2023 - ALAN","og_description":"En 2023, ALAN - Maladies Rares Luxembourg, l\u2019a.s.b.l. et alliance nationale repr\u00e9sentant les personnes concern\u00e9es par une maladie rare au Luxembourg, a f\u00eat\u00e9 son 25e anniversaire. En cette ann\u00e9e phare, le service de consultation de l\u2019association, qui a r\u00e9cemment \u00e9t\u00e9 reconnue par la Commission europ\u00e9enne, a soutenu 669 personnes et familles touch\u00e9s par une maladie rare, repr\u00e9sentant 263 maladies diff\u00e9rentes.","og_url":"https:\/\/alan.lu\/fr\/rapport-annuel-2023\/","og_site_name":"ALAN","article_published_time":"2024-04-29T07:10:24+00:00","article_modified_time":"2024-05-13T11:11:11+00:00","og_image":[{"width":1300,"height":845,"url":"https:\/\/alan.lu\/wp-content\/uploads\/2024\/04\/Annual-Report-2023-cover-web-1300x845-1.jpg","type":"image\/jpeg"}],"author":"Sarah Sepoy","twitter_card":"summary_large_image","twitter_misc":{"\u00c9crit par":"Sarah Sepoy","Dur\u00e9e de lecture estim\u00e9e":"3 minutes"},"schema":{"@context":"https:\/\/schema.org","@graph":[{"@type":"Article","@id":"https:\/\/alan.lu\/fr\/rapport-annuel-2023\/#article","isPartOf":{"@id":"https:\/\/alan.lu\/fr\/rapport-annuel-2023\/"},"author":{"name":"Sarah Sepoy","@id":"https:\/\/alan.lu\/fr\/#\/schema\/person\/7b3afc06fbed136ad30d666f845ddccc"},"headline":"Rapport annuel 2023","datePublished":"2024-04-29T07:10:24+00:00","dateModified":"2024-05-13T11:11:11+00:00","mainEntityOfPage":{"@id":"https:\/\/alan.lu\/fr\/rapport-annuel-2023\/"},"wordCount":676,"image":{"@id":"https:\/\/alan.lu\/fr\/rapport-annuel-2023\/#primaryimage"},"thumbnailUrl":"https:\/\/alan.lu\/wp-content\/uploads\/2024\/04\/Annual-Report-2023-cover-web-1300x845-1.jpg","articleSection":["Activit\u00e9s d\u2019ALAN"],"inLanguage":"fr-FR"},{"@type":"WebPage","@id":"https:\/\/alan.lu\/fr\/rapport-annuel-2023\/","url":"https:\/\/alan.lu\/fr\/rapport-annuel-2023\/","name":"Rapport annuel 2023 - ALAN","isPartOf":{"@id":"https:\/\/alan.lu\/fr\/#website"},"primaryImageOfPage":{"@id":"https:\/\/alan.lu\/fr\/rapport-annuel-2023\/#primaryimage"},"image":{"@id":"https:\/\/alan.lu\/fr\/rapport-annuel-2023\/#primaryimage"},"thumbnailUrl":"https:\/\/alan.lu\/wp-content\/uploads\/2024\/04\/Annual-Report-2023-cover-web-1300x845-1.jpg","datePublished":"2024-04-29T07:10:24+00:00","dateModified":"2024-05-13T11:11:11+00:00","author":{"@id":"https:\/\/alan.lu\/fr\/#\/schema\/person\/7b3afc06fbed136ad30d666f845ddccc"},"description":"En 2023, ALAN - Maladies Rares Luxembourg, l\u2019a.s.b.l. et alliance nationale repr\u00e9sentant les personnes concern\u00e9es par une maladie rare au Luxembourg, a f\u00eat\u00e9 son 25e anniversaire. En cette ann\u00e9e phare, le service de consultation de l\u2019association, qui a r\u00e9cemment \u00e9t\u00e9 reconnue par la Commission europ\u00e9enne, a soutenu 669 personnes et familles touch\u00e9s par une maladie rare, repr\u00e9sentant 263 maladies diff\u00e9rentes.","breadcrumb":{"@id":"https:\/\/alan.lu\/fr\/rapport-annuel-2023\/#breadcrumb"},"inLanguage":"fr-FR","potentialAction":[{"@type":"ReadAction","target":["https:\/\/alan.lu\/fr\/rapport-annuel-2023\/"]}]},{"@type":"ImageObject","inLanguage":"fr-FR","@id":"https:\/\/alan.lu\/fr\/rapport-annuel-2023\/#primaryimage","url":"https:\/\/alan.lu\/wp-content\/uploads\/2024\/04\/Annual-Report-2023-cover-web-1300x845-1.jpg","contentUrl":"https:\/\/alan.lu\/wp-content\/uploads\/2024\/04\/Annual-Report-2023-cover-web-1300x845-1.jpg","width":1300,"height":845},{"@type":"BreadcrumbList","@id":"https:\/\/alan.lu\/fr\/rapport-annuel-2023\/#breadcrumb","itemListElement":[{"@type":"ListItem","position":1,"name":"Accueil","item":"https:\/\/alan.lu\/fr\/"},{"@type":"ListItem","position":2,"name":"Rapport annuel 2023"}]},{"@type":"WebSite","@id":"https:\/\/alan.lu\/fr\/#website","url":"https:\/\/alan.lu\/fr\/","name":"ALAN","description":"Rare Diseases Luxembourg","potentialAction":[{"@type":"SearchAction","target":{"@type":"EntryPoint","urlTemplate":"https:\/\/alan.lu\/fr\/?s={search_term_string}"},"query-input":{"@type":"PropertyValueSpecification","valueRequired":true,"valueName":"search_term_string"}}],"inLanguage":"fr-FR"},{"@type":"Person","@id":"https:\/\/alan.lu\/fr\/#\/schema\/person\/7b3afc06fbed136ad30d666f845ddccc","name":"Sarah Sepoy","image":{"@type":"ImageObject","inLanguage":"fr-FR","@id":"https:\/\/secure.gravatar.com\/avatar\/fe44f341a14ad99a37bc50e31e396d770d4d43d81573a14477e8bc01329560da?s=96&d=mm&r=g","url":"https:\/\/secure.gravatar.com\/avatar\/fe44f341a14ad99a37bc50e31e396d770d4d43d81573a14477e8bc01329560da?s=96&d=mm&r=g","contentUrl":"https:\/\/secure.gravatar.com\/avatar\/fe44f341a14ad99a37bc50e31e396d770d4d43d81573a14477e8bc01329560da?s=96&d=mm&r=g","caption":"Sarah Sepoy"},"url":"https:\/\/alan.lu\/fr\/author\/alan\/"}]}},"_links":{"self":[{"href":"https:\/\/alan.lu\/fr\/wp-json\/wp\/v2\/posts\/29326","targetHints":{"allow":["GET"]}}],"collection":[{"href":"https:\/\/alan.lu\/fr\/wp-json\/wp\/v2\/posts"}],"about":[{"href":"https:\/\/alan.lu\/fr\/wp-json\/wp\/v2\/types\/post"}],"author":[{"embeddable":true,"href":"https:\/\/alan.lu\/fr\/wp-json\/wp\/v2\/users\/2"}],"replies":[{"embeddable":true,"href":"https:\/\/alan.lu\/fr\/wp-json\/wp\/v2\/comments?post=29326"}],"version-history":[{"count":2,"href":"https:\/\/alan.lu\/fr\/wp-json\/wp\/v2\/posts\/29326\/revisions"}],"predecessor-version":[{"id":29358,"href":"https:\/\/alan.lu\/fr\/wp-json\/wp\/v2\/posts\/29326\/revisions\/29358"}],"wp:featuredmedia":[{"embeddable":true,"href":"https:\/\/alan.lu\/fr\/wp-json\/wp\/v2\/media\/29317"}],"wp:attachment":[{"href":"https:\/\/alan.lu\/fr\/wp-json\/wp\/v2\/media?parent=29326"}],"wp:term":[{"taxonomy":"category","embeddable":true,"href":"https:\/\/alan.lu\/fr\/wp-json\/wp\/v2\/categories?post=29326"},{"taxonomy":"post_tag","embeddable":true,"href":"https:\/\/alan.lu\/fr\/wp-json\/wp\/v2\/tags?post=29326"}],"curies":[{"name":"wp","href":"https:\/\/api.w.org\/{rel}","templated":true}]}}